{"id":494,"date":"2022-02-25T16:00:00","date_gmt":"2022-02-25T19:00:00","guid":{"rendered":"https:\/\/br.jedha7720.com.br\/~upacadem\/?p=494"},"modified":"2025-05-12T23:37:02","modified_gmt":"2025-05-13T02:37:02","slug":"design-grafico-webdesign","status":"publish","type":"post","link":"https:\/\/alpinista.com.br\/conteudos\/design-grafico-webdesign\/","title":{"rendered":"Qual a diferen\u00e7a entre Design Gr\u00e1fico e Web Design"},"content":{"rendered":"<p><span style=\"font-weight: 400;\">Sabemos que as profiss\u00f5es de design gr\u00e1fico e web design tem crescido muito nos \u00faltimos anos e h\u00e1 um mercado com defasagem desses profissionais.<\/span><\/p>\n<p><span style=\"font-weight: 400;\">Entretanto, muitas pessoas ainda confundem essas duas profiss\u00f5es e a forma como elas influenciam na cria\u00e7\u00e3o de algum projeto para a web.<\/span><\/p>\n<p><span style=\"font-weight: 400;\">\u00c9 verdade que existe <\/span><b>diferen\u00e7a entre design gr\u00e1fico e web design <\/b>que ainda s\u00e3o pouco conhecidas. Portanto,<span style=\"font-weight: 400;\">\u00a0n\u00f3s vamos apresent\u00e1-las a voc\u00ea no artigo de hoje.<\/span><\/p>\n<p><span style=\"font-weight: 400;\">Continue a leitura e confira quais s\u00e3o essas diferen\u00e7as.<\/span><\/p>\n<h2><b>Design Gr\u00e1fico<\/b><\/h2>\n<p><span style=\"font-weight: 400;\">Os profissionais que atuam como designer gr\u00e1fico, podem ser comparados a profiss\u00e3o de um artista, entretanto, as t\u00e9cnicas de cria\u00e7\u00e3o da arte s\u00e3o diferentes.<\/span><\/p>\n<p><span style=\"font-weight: 400;\">A <\/span>diferen\u00e7a entre os trabalhos de designer gr\u00e1fico e web designer<span style=\"font-weight: 400;\"> est\u00e1 ligada inteiramente a isso. O designer gr\u00e1fico utiliza de fatores como formas e cores para a cria\u00e7\u00e3o de pe\u00e7as geralmente impressas, cujo objetivo \u00e9 passar uma mensagem para determinadas pessoas.<\/span><\/p>\n<p><span style=\"font-weight: 400;\">Ou seja, o designer gr\u00e1fico, apesar de possuir uma liberdade de se expressar ao produzir pe\u00e7as, precisa se atentar \u00e0 linguagem daquele referido p\u00fablico alvo ou a persona com quem estar\u00e1 conversando.<\/span><\/p>\n<p><span style=\"font-weight: 400;\">O foco principal dessa profiss\u00e3o \u00e9 transmitir de forma clara informa\u00e7\u00f5es atrav\u00e9s de artes visuais.\u00a0<\/span><\/p>\n<h2><b>Web Design<\/b><\/h2>\n<p><span style=\"font-weight: 400;\">A usabilidade da internet de forma t\u00e3o f\u00e1cil, organizada e clara como conhecemos hoje, acontece gra\u00e7as aos profissionais de web design. E esta \u00e9 a principal <\/span>diferen\u00e7a entre design gr\u00e1fico e web design<span style=\"font-weight: 400;\">.<\/span><\/p>\n<p><span style=\"font-weight: 400;\">Uma profiss\u00e3o que \u00e9 bastante antiga, hoje da nova cara aos sites nos quais navegamos com tanta riqueza de informa\u00e7\u00f5es.<\/span><\/p>\n<p><span style=\"font-weight: 400;\">Mas afinal, o que \u00e9 de fato o trabalho de um web designer?<\/span><\/p>\n<p><span style=\"font-weight: 400;\">Como o pr\u00f3prio nome j\u00e1 indica, um <a href=\"https:\/\/alpinista.com.br\/conteudos\/o-que-e-webdesign\/\">web designer<\/a> atua afim de criar websites para navega\u00e7\u00e3o na internet.\u00a0<\/span><\/p>\n<p><span style=\"font-weight: 400;\">E isso implica conhecimentos diversos, em design gr\u00e1fico, usabilidade, produ\u00e7\u00e3o multim\u00eddia e t\u00e9cnicas de SEO, para que o profissional compreenda o que deve ser feito ao construir um site para navega\u00e7\u00e3o.<\/span><\/p>\n<p><span style=\"font-weight: 400;\">Dessa forma, um web designer, al\u00e9m de conseguir colocar um site no ar, precisa ter a expertise de realizar acompanhamento dos resultados das p\u00e1ginas criadas e fazer testes cont\u00ednuos das mesmas. Ou seja, n\u00e3o basta apenas colocar um site no ar.<\/span><\/p>\n<p><span style=\"font-weight: 400;\">Agora que sabemos qual a <\/span>diferen\u00e7a entre design gr\u00e1fico e web design<span style=\"font-weight: 400;\">, podemos fazer a escolha certa entre as \u00e1reas de maior afinidade.<\/span><\/p>\n<p><span style=\"font-weight: 400;\">Com a peculiaridade de cada \u00e1rea, se faz necess\u00e1rio entender que ambas trabalham de forma complementar e que as duas exigem capacita\u00e7\u00e3o profissional, a<\/span><span style=\"font-weight: 400;\">final, voc\u00ea n\u00e3o quer ficar para tr\u00e1s com seus conhecimentos, certo?<\/span><\/p>\n<p><span style=\"font-weight: 400;\">Dessa forma, apresentamos a voc\u00ea um curso COMPLETO e inteiramente ONLINE se voc\u00ea deseja conhecer mais sobre a profiss\u00e3o de mais destaque no mundo digital: WEB DESIGN.<\/span><\/p>\n<p><span style=\"font-weight: 400;\">Com metodologias avan\u00e7adas, voc\u00ea poder\u00e1 se tornar um <\/span><i><span style=\"font-weight: 400;\">expert<\/span><\/i><span style=\"font-weight: 400;\"> e se destacar entre os profissionais da \u00e1rea.<\/span><\/p>\n<p><span style=\"font-weight: 400;\">Ficou interessado(a)? Conhe\u00e7a a <a href=\"https:\/\/alpinista.com.br\/conteudos\/\">UP Academy (antigo setor de educa\u00e7\u00e3o da Alpinista Digital)<\/a> e saiba tudo sobre como se profissionalizar.<\/span><\/p>\n","protected":false},"excerpt":{"rendered":"<p>Sabemos que as profiss\u00f5es de design gr\u00e1fico e web design tem crescido muito nos \u00faltimos anos e h\u00e1 um mercado com defasagem desses profissionais. Entretanto, muitas pessoas ainda confundem essas duas profiss\u00f5es e a forma como elas influenciam na cria\u00e7\u00e3o de algum projeto para a web. \u00c9 verdade que existe diferen\u00e7a entre design gr\u00e1fico e [&hellip;]<\/p>\n","protected":false},"author":5,"featured_media":497,"comment_status":"open","ping_status":"open","sticky":false,"template":"","format":"standard","meta":{"footnotes":""},"categories":[197],"tags":[],"class_list":["post-494","post","type-post","status-publish","format-standard","has-post-thumbnail","hentry","category-criatividade"],"_links":{"self":[{"href":"https:\/\/alpinista.com.br\/conteudos\/wp-json\/wp\/v2\/posts\/494","targetHints":{"allow":["GET"]}}],"collection":[{"href":"https:\/\/alpinista.com.br\/conteudos\/wp-json\/wp\/v2\/posts"}],"about":[{"href":"https:\/\/alpinista.com.br\/conteudos\/wp-json\/wp\/v2\/types\/post"}],"author":[{"embeddable":true,"href":"https:\/\/alpinista.com.br\/conteudos\/wp-json\/wp\/v2\/users\/5"}],"replies":[{"embeddable":true,"href":"https:\/\/alpinista.com.br\/conteudos\/wp-json\/wp\/v2\/comments?post=494"}],"version-history":[{"count":1,"href":"https:\/\/alpinista.com.br\/conteudos\/wp-json\/wp\/v2\/posts\/494\/revisions"}],"predecessor-version":[{"id":13227,"href":"https:\/\/alpinista.com.br\/conteudos\/wp-json\/wp\/v2\/posts\/494\/revisions\/13227"}],"wp:featuredmedia":[{"embeddable":true,"href":"https:\/\/alpinista.com.br\/conteudos\/wp-json\/"}],"wp:attachment":[{"href":"https:\/\/alpinista.com.br\/conteudos\/wp-json\/wp\/v2\/media?parent=494"}],"wp:term":[{"taxonomy":"category","embeddable":true,"href":"https:\/\/alpinista.com.br\/conteudos\/wp-json\/wp\/v2\/categories?post=494"},{"taxonomy":"post_tag","embeddable":true,"href":"https:\/\/alpinista.com.br\/conteudos\/wp-json\/wp\/v2\/tags?post=494"}],"curies":[{"name":"wp","href":"https:\/\/api.w.org\/{rel}","templated":true}]}}